{"id":298,"date":"2021-01-14T16:47:20","date_gmt":"2021-01-14T16:47:20","guid":{"rendered":"http:\/\/dluzet0001.mutu.firstheberg.net\/sitehgwp\/?p=298"},"modified":"2021-01-18T19:34:10","modified_gmt":"2021-01-18T19:34:10","slug":"les-acteurs-de-la-revolution-francaise-de-1789","status":"publish","type":"post","link":"http:\/\/dluzet0001.mutu.firstheberg.net\/sitehgwp\/les-acteurs-de-la-revolution-francaise-de-1789\/","title":{"rendered":"Les acteurs de la R\u00e9volution fran\u00e7aise de 1789"},"content":{"rendered":"<p><img loading=\"lazy\" class=\"size-full wp-image-379 alignleft\" src=\"http:\/\/dluzet0001.mutu.firstheberg.net\/sitehgwp\/wp-content\/uploads\/2021\/01\/lien1ddhc.jpg\" alt=\"\" width=\"120\" height=\"97\" \/><\/p>\n<p>Voici un exercice qui consiste \u00e0 associer des informations entre une liste d&rsquo;acteurs de la r\u00e9volution fran\u00e7aise et une s\u00e9rie d&rsquo;informations.<\/p>\n<p><a href=\"http:\/\/dluzet0001.mutu.firstheberg.net\/sitehglycee\/actrf.htm\">Cliquez ici!<\/a><!--more--><\/p>\n","protected":false},"excerpt":{"rendered":"<p>Voici un exercice qui consiste \u00e0 associer des informations entre une liste d&rsquo;acteurs de la r\u00e9volution fran\u00e7aise et une s\u00e9rie d&rsquo;informations. Cliquez ici!<\/p>\n","protected":false},"author":1,"featured_media":0,"comment_status":"open","ping_status":"open","sticky":false,"template":"","format":"standard","meta":[],"categories":[26,23,10],"tags":[],"yoast_head":"<!-- This site is optimized with the Yoast SEO plugin v15.6.2 - https:\/\/yoast.com\/wordpress\/plugins\/seo\/ -->\n<title>Les acteurs de la R\u00e9volution fran\u00e7aise de 1789 - Site histoire g\u00e9ographie Lyc\u00e9e Didier Luzet<\/title>\n<meta name=\"description\" content=\"Voici un exercice qui consiste \u00e0 associer des informations entre une liste d&#039;acteurs de la r\u00e9volution fran\u00e7aise et une s\u00e9rie d&#039;informations.\" \/>\n<meta name=\"robots\" content=\"index, follow, max-snippet:-1, max-image-preview:large, max-video-preview:-1\" \/>\n<link rel=\"canonical\" href=\"http:\/\/dluzet0001.mutu.firstheberg.net\/sitehgwp\/les-acteurs-de-la-revolution-francaise-de-1789\/\" \/>\n<meta property=\"og:locale\" content=\"fr_FR\" \/>\n<meta property=\"og:type\" content=\"article\" \/>\n<meta property=\"og:title\" content=\"Les acteurs de la R\u00e9volution fran\u00e7aise de 1789 - Site histoire g\u00e9ographie Lyc\u00e9e Didier Luzet\" \/>\n<meta property=\"og:description\" content=\"Voici un exercice qui consiste \u00e0 associer des informations entre une liste d&#039;acteurs de la r\u00e9volution fran\u00e7aise et une s\u00e9rie d&#039;informations.\" \/>\n<meta property=\"og:url\" content=\"http:\/\/dluzet0001.mutu.firstheberg.net\/sitehgwp\/les-acteurs-de-la-revolution-francaise-de-1789\/\" \/>\n<meta property=\"og:site_name\" content=\"Site histoire g\u00e9ographie Lyc\u00e9e Didier Luzet\" \/>\n<meta property=\"article:published_time\" content=\"2021-01-14T16:47:20+00:00\" \/>\n<meta property=\"article:modified_time\" content=\"2021-01-18T19:34:10+00:00\" \/>\n<meta property=\"og:image\" content=\"http:\/\/dluzet0001.mutu.firstheberg.net\/sitehgwp\/wp-content\/uploads\/2021\/01\/lien1ddhc.jpg\" \/>\n<meta name=\"twitter:card\" content=\"summary_large_image\" \/>\n<meta name=\"twitter:label1\" content=\"Dur\u00e9e de lecture est.\">\n\t<meta name=\"twitter:data1\" content=\"1 minute\">\n<script type=\"application\/ld+json\" class=\"yoast-schema-graph\">{\"@context\":\"https:\/\/schema.org\",\"@graph\":[{\"@type\":\"Organization\",\"@id\":\"http:\/\/dluzet0001.mutu.firstheberg.net\/sitehgwp\/#organization\",\"name\":\"Didier Luzet\",\"url\":\"http:\/\/dluzet0001.mutu.firstheberg.net\/sitehgwp\/\",\"sameAs\":[],\"logo\":{\"@type\":\"ImageObject\",\"@id\":\"http:\/\/dluzet0001.mutu.firstheberg.net\/sitehgwp\/#logo\",\"inLanguage\":\"fr-FR\",\"url\":\"http:\/\/dluzet0001.mutu.firstheberg.net\/sitehgwp\/wp-content\/uploads\/2021\/01\/cropped-logo.jpg\",\"width\":49,\"height\":50,\"caption\":\"Didier Luzet\"},\"image\":{\"@id\":\"http:\/\/dluzet0001.mutu.firstheberg.net\/sitehgwp\/#logo\"}},{\"@type\":\"WebSite\",\"@id\":\"http:\/\/dluzet0001.mutu.firstheberg.net\/sitehgwp\/#website\",\"url\":\"http:\/\/dluzet0001.mutu.firstheberg.net\/sitehgwp\/\",\"name\":\"Site histoire g\\u00e9ographie Lyc\\u00e9e Didier Luzet\",\"description\":\"Vous trouverez ici quelques ressources p\\u00e9dagogiques en Histoire, G\\u00e9ographie , E.M.C correspondants aux programmes de lyc\\u00e9e \\u00e0 partir de 2019-2020. Ce site est aliment\\u00e9 plus ou moins r\\u00e9guli\\u00e8rement en fonction du temps disponible\\u2026\",\"publisher\":{\"@id\":\"http:\/\/dluzet0001.mutu.firstheberg.net\/sitehgwp\/#organization\"},\"potentialAction\":[{\"@type\":\"SearchAction\",\"target\":\"http:\/\/dluzet0001.mutu.firstheberg.net\/sitehgwp\/?s={search_term_string}\",\"query-input\":\"required name=search_term_string\"}],\"inLanguage\":\"fr-FR\"},{\"@type\":\"ImageObject\",\"@id\":\"http:\/\/dluzet0001.mutu.firstheberg.net\/sitehgwp\/les-acteurs-de-la-revolution-francaise-de-1789\/#primaryimage\",\"inLanguage\":\"fr-FR\",\"url\":\"http:\/\/dluzet0001.mutu.firstheberg.net\/sitehgwp\/wp-content\/uploads\/2021\/01\/lien1ddhc.jpg\",\"width\":120,\"height\":97},{\"@type\":\"WebPage\",\"@id\":\"http:\/\/dluzet0001.mutu.firstheberg.net\/sitehgwp\/les-acteurs-de-la-revolution-francaise-de-1789\/#webpage\",\"url\":\"http:\/\/dluzet0001.mutu.firstheberg.net\/sitehgwp\/les-acteurs-de-la-revolution-francaise-de-1789\/\",\"name\":\"Les acteurs de la R\\u00e9volution fran\\u00e7aise de 1789 - Site histoire g\\u00e9ographie Lyc\\u00e9e Didier Luzet\",\"isPartOf\":{\"@id\":\"http:\/\/dluzet0001.mutu.firstheberg.net\/sitehgwp\/#website\"},\"primaryImageOfPage\":{\"@id\":\"http:\/\/dluzet0001.mutu.firstheberg.net\/sitehgwp\/les-acteurs-de-la-revolution-francaise-de-1789\/#primaryimage\"},\"datePublished\":\"2021-01-14T16:47:20+00:00\",\"dateModified\":\"2021-01-18T19:34:10+00:00\",\"description\":\"Voici un exercice qui consiste \\u00e0 associer des informations entre une liste d'acteurs de la r\\u00e9volution fran\\u00e7aise et une s\\u00e9rie d'informations.\",\"inLanguage\":\"fr-FR\",\"potentialAction\":[{\"@type\":\"ReadAction\",\"target\":[\"http:\/\/dluzet0001.mutu.firstheberg.net\/sitehgwp\/les-acteurs-de-la-revolution-francaise-de-1789\/\"]}]},{\"@type\":\"Article\",\"@id\":\"http:\/\/dluzet0001.mutu.firstheberg.net\/sitehgwp\/les-acteurs-de-la-revolution-francaise-de-1789\/#article\",\"isPartOf\":{\"@id\":\"http:\/\/dluzet0001.mutu.firstheberg.net\/sitehgwp\/les-acteurs-de-la-revolution-francaise-de-1789\/#webpage\"},\"author\":{\"@id\":\"http:\/\/dluzet0001.mutu.firstheberg.net\/sitehgwp\/#\/schema\/person\/d869597e32e052d2aa29604566f5b035\"},\"headline\":\"Les acteurs de la R\\u00e9volution fran\\u00e7aise de 1789\",\"datePublished\":\"2021-01-14T16:47:20+00:00\",\"dateModified\":\"2021-01-18T19:34:10+00:00\",\"mainEntityOfPage\":{\"@id\":\"http:\/\/dluzet0001.mutu.firstheberg.net\/sitehgwp\/les-acteurs-de-la-revolution-francaise-de-1789\/#webpage\"},\"commentCount\":0,\"publisher\":{\"@id\":\"http:\/\/dluzet0001.mutu.firstheberg.net\/sitehgwp\/#organization\"},\"image\":{\"@id\":\"http:\/\/dluzet0001.mutu.firstheberg.net\/sitehgwp\/les-acteurs-de-la-revolution-francaise-de-1789\/#primaryimage\"},\"articleSection\":\"Histoire (Seconde Testez-vous),Seconde (Testez-vous),Testez-vous!\",\"inLanguage\":\"fr-FR\",\"potentialAction\":[{\"@type\":\"CommentAction\",\"name\":\"Comment\",\"target\":[\"http:\/\/dluzet0001.mutu.firstheberg.net\/sitehgwp\/les-acteurs-de-la-revolution-francaise-de-1789\/#respond\"]}]},{\"@type\":\"Person\",\"@id\":\"http:\/\/dluzet0001.mutu.firstheberg.net\/sitehgwp\/#\/schema\/person\/d869597e32e052d2aa29604566f5b035\",\"name\":\"Didier Luzet\",\"image\":{\"@type\":\"ImageObject\",\"@id\":\"http:\/\/dluzet0001.mutu.firstheberg.net\/sitehgwp\/#personlogo\",\"inLanguage\":\"fr-FR\",\"url\":\"http:\/\/2.gravatar.com\/avatar\/8cb5f957bfcf4f76414912f4e8c6f83b?s=96&d=mm&r=g\",\"caption\":\"Didier Luzet\"}}]}<\/script>\n<!-- \/ Yoast SEO plugin. -->","_links":{"self":[{"href":"http:\/\/dluzet0001.mutu.firstheberg.net\/sitehgwp\/wp-json\/wp\/v2\/posts\/298"}],"collection":[{"href":"http:\/\/dluzet0001.mutu.firstheberg.net\/sitehgwp\/wp-json\/wp\/v2\/posts"}],"about":[{"href":"http:\/\/dluzet0001.mutu.firstheberg.net\/sitehgwp\/wp-json\/wp\/v2\/types\/post"}],"author":[{"embeddable":true,"href":"http:\/\/dluzet0001.mutu.firstheberg.net\/sitehgwp\/wp-json\/wp\/v2\/users\/1"}],"replies":[{"embeddable":true,"href":"http:\/\/dluzet0001.mutu.firstheberg.net\/sitehgwp\/wp-json\/wp\/v2\/comments?post=298"}],"version-history":[{"count":5,"href":"http:\/\/dluzet0001.mutu.firstheberg.net\/sitehgwp\/wp-json\/wp\/v2\/posts\/298\/revisions"}],"predecessor-version":[{"id":408,"href":"http:\/\/dluzet0001.mutu.firstheberg.net\/sitehgwp\/wp-json\/wp\/v2\/posts\/298\/revisions\/408"}],"wp:attachment":[{"href":"http:\/\/dluzet0001.mutu.firstheberg.net\/sitehgwp\/wp-json\/wp\/v2\/media?parent=298"}],"wp:term":[{"taxonomy":"category","embeddable":true,"href":"http:\/\/dluzet0001.mutu.firstheberg.net\/sitehgwp\/wp-json\/wp\/v2\/categories?post=298"},{"taxonomy":"post_tag","embeddable":true,"href":"http:\/\/dluzet0001.mutu.firstheberg.net\/sitehgwp\/wp-json\/wp\/v2\/tags?post=298"}],"curies":[{"name":"wp","href":"https:\/\/api.w.org\/{rel}","templated":true}]}}