{"id":70,"date":"2020-12-30T16:27:12","date_gmt":"2020-12-30T15:27:12","guid":{"rendered":"https:\/\/didluzet.wordpress.com\/?p=70"},"modified":"2021-02-19T15:01:16","modified_gmt":"2021-02-19T15:01:16","slug":"histoire-seconde","status":"publish","type":"post","link":"http:\/\/dluzet0001.mutu.firstheberg.net\/sitehgwp\/histoire-seconde\/","title":{"rendered":"Capsule vid\u00e9o Histoire Seconde"},"content":{"rendered":"\r\n<p>Voici quelques capsules vid\u00e9os correspondant au programme d&rsquo;Histoire de la classe de Seconde. Il s&rsquo;agit d&rsquo;un fichier audio du cours,\u00a0 accompagn\u00e9 de divers documents synchronis\u00e9s avec l&rsquo;expos\u00e9 des connaissances.<br \/>Elles peuvent faire l&rsquo;objet de prise de notes, \u00eatre accompagn\u00e9es d&rsquo;un questionnaire pour v\u00e9rifier l&rsquo;acquisition des contenus, \u00eatre suivis de QCM&#8230;<br \/><br \/><\/p>\r\n\r\n\r\n\r\n<ul>\r\n<li>TH\u00c8ME 1 &#8211; LE MONDE M\u00c9DITERRAN\u00c9EN : EMPREINTES DE L\u2019ANTIQUIT\u00c9 ET DU MOYEN \u00c2GE <em>En construction<\/em><\/li>\r\n<\/ul>\r\n\r\n\r\n\r\n<ul>\r\n<li>TH\u00c8ME 2 : XVE \u2013 XVIE SI\u00c8CLES : UN NOUVEAU RAPPORT AU MONDE, UN TEMPS DE MUTATION INTELLECTUELLE<\/li>\r\n<\/ul>\r\n\r\n\r\n\r\n\r\n\r\n<p>Chapitre 1. L\u2019ouverture atlantique : les cons\u00e9quences de la d\u00e9couverte du \u00ab Nouveau Monde \u00bb <br \/><br \/><br \/><\/p>\r\n<p style=\"text-align: left;\"><img loading=\"lazy\" class=\"wp-image-440 alignnone\" src=\"http:\/\/dluzet0001.mutu.firstheberg.net\/sitehgwp\/wp-content\/uploads\/2020\/12\/magelelanelcano-300x246.jpg\" alt=\"\" width=\"230\" height=\"188\" srcset=\"http:\/\/dluzet0001.mutu.firstheberg.net\/sitehgwp\/wp-content\/uploads\/2020\/12\/magelelanelcano-300x246.jpg 300w, http:\/\/dluzet0001.mutu.firstheberg.net\/sitehgwp\/wp-content\/uploads\/2020\/12\/magelelanelcano.jpg 611w\" sizes=\"(max-width: 230px) 100vw, 230px\" \/><br \/><br \/><a href=\"https:\/\/drive.google.com\/file\/d\/1ROLW_Qac6uYnk-7Z1QmgFMv66TACW0fl\/view?usp=sharing\">Capsule<\/a><!--more--><\/p>\r\n\r\n\r\n\r\n<p>&nbsp;<\/p>\r\n<p>Chapitre 2. Renaissance, Humanisme et r\u00e9formes religieuses : les mutations de l\u2019Europe<br \/><br \/><img loading=\"lazy\" class=\"alignnone  wp-image-386\" src=\"http:\/\/dluzet0001.mutu.firstheberg.net\/sitehgwp\/wp-content\/uploads\/2020\/12\/hommedieu-300x198.jpg\" alt=\"\" width=\"209\" height=\"143\" \/><\/p>\r\n\r\n\r\n\r\n<p><a href=\"https:\/\/drive.google.com\/file\/d\/1q7rLtM1KFdhppLSXN1I-Sew0C7sXwcLU\/view?usp=sharing\">Capsule N\u00b01<\/a><\/p>\r\n\r\n\r\n\r\n<p><a href=\"https:\/\/drive.google.com\/file\/d\/1ygKnk4qVhWFbG__E_o9XO5tmaaFl1Ysc\/view?usp=sharing\">Capsule N\u00b02<\/a><\/p>\r\n\r\n\r\n\r\n<ul>\r\n<li>\u00a0TH\u00c8ME 3 : L\u2019\u00c9TAT \u00c0 L\u2019\u00c9POQUE MODERNE : FRANCE ET ANGLETERRE<\/li>\r\n<\/ul>\r\n\r\n\r\n\r\n<p>Chapitre 1. L\u2019affirmation de l\u2019\u00c9tat dans le royaume de France<br \/><img loading=\"lazy\" class=\"alignnone  wp-image-389\" src=\"http:\/\/dluzet0001.mutu.firstheberg.net\/sitehgwp\/wp-content\/uploads\/2020\/12\/Louis-XIV.jpg\" alt=\"\" width=\"113\" height=\"223\" \/><\/p>\r\n\r\n\r\n\r\n<p><a href=\"https:\/\/drive.google.com\/file\/d\/1i0vyQeFf3NsXWq3iVU9OIjD9reZtH4ZB\/view?usp=sharing\">Capsule N\u00b01<\/a><\/p>\r\n\r\n\r\n\r\n<p><a href=\"https:\/\/drive.google.com\/file\/d\/1Laso8AGUV8mg2tulW58I6hCEVAJDh3nH\/view?usp=sharing\">Capsule N\u00b02<\/a><\/p>\r\n\r\n\r\n\r\n<p>&nbsp;<\/p>\r\n","protected":false},"excerpt":{"rendered":"<p>Voici quelques capsules vid\u00e9os correspondant au programme d&rsquo;Histoire de la classe de Seconde. Il s&rsquo;agit d&rsquo;un fichier audio du cours,\u00a0 accompagn\u00e9 de divers documents synchronis\u00e9s avec l&rsquo;expos\u00e9 des connaissances.Elles peuvent faire l&rsquo;objet de prise de notes, \u00eatre accompagn\u00e9es d&rsquo;un questionnaire pour v\u00e9rifier l&rsquo;acquisition des contenus, \u00eatre suivis de QCM&#8230; TH\u00c8ME 1 &#8211; LE MONDE M\u00c9DITERRAN\u00c9EN [&hellip;]<\/p>\n","protected":false},"author":2,"featured_media":0,"comment_status":"closed","ping_status":"closed","sticky":false,"template":"","format":"standard","meta":[],"categories":[15,5,7],"tags":[],"yoast_head":"<!-- This site is optimized with the Yoast SEO plugin v15.6.2 - https:\/\/yoast.com\/wordpress\/plugins\/seo\/ -->\n<title>Capsule vid\u00e9o Histoire Seconde - Site histoire g\u00e9ographie Lyc\u00e9e Didier Luzet<\/title>\n<meta name=\"robots\" content=\"index, follow, max-snippet:-1, max-image-preview:large, max-video-preview:-1\" \/>\n<link rel=\"canonical\" href=\"http:\/\/dluzet0001.mutu.firstheberg.net\/sitehgwp\/histoire-seconde\/\" \/>\n<meta property=\"og:locale\" content=\"fr_FR\" \/>\n<meta property=\"og:type\" content=\"article\" \/>\n<meta property=\"og:title\" content=\"Capsule vid\u00e9o Histoire Seconde - Site histoire g\u00e9ographie Lyc\u00e9e Didier Luzet\" \/>\n<meta property=\"og:description\" content=\"Voici quelques capsules vid\u00e9os correspondant au programme d&rsquo;Histoire de la classe de Seconde. Il s&rsquo;agit d&rsquo;un fichier audio du cours,\u00a0 accompagn\u00e9 de divers documents synchronis\u00e9s avec l&rsquo;expos\u00e9 des connaissances.Elles peuvent faire l&rsquo;objet de prise de notes, \u00eatre accompagn\u00e9es d&rsquo;un questionnaire pour v\u00e9rifier l&rsquo;acquisition des contenus, \u00eatre suivis de QCM&#8230; TH\u00c8ME 1 &#8211; LE MONDE M\u00c9DITERRAN\u00c9EN [&hellip;]\" \/>\n<meta property=\"og:url\" content=\"http:\/\/dluzet0001.mutu.firstheberg.net\/sitehgwp\/histoire-seconde\/\" \/>\n<meta property=\"og:site_name\" content=\"Site histoire g\u00e9ographie Lyc\u00e9e Didier Luzet\" \/>\n<meta property=\"article:published_time\" content=\"2020-12-30T15:27:12+00:00\" \/>\n<meta property=\"article:modified_time\" content=\"2021-02-19T15:01:16+00:00\" \/>\n<meta property=\"og:image\" content=\"http:\/\/dluzet0001.mutu.firstheberg.net\/sitehgwp\/wp-content\/uploads\/2020\/12\/magelelanelcano-300x246.jpg\" \/>\n<meta name=\"twitter:card\" content=\"summary_large_image\" \/>\n<meta name=\"twitter:label1\" content=\"Dur\u00e9e de lecture est.\">\n\t<meta name=\"twitter:data1\" content=\"2 minutes\">\n<script type=\"application\/ld+json\" class=\"yoast-schema-graph\">{\"@context\":\"https:\/\/schema.org\",\"@graph\":[{\"@type\":\"Organization\",\"@id\":\"http:\/\/dluzet0001.mutu.firstheberg.net\/sitehgwp\/#organization\",\"name\":\"Didier Luzet\",\"url\":\"http:\/\/dluzet0001.mutu.firstheberg.net\/sitehgwp\/\",\"sameAs\":[],\"logo\":{\"@type\":\"ImageObject\",\"@id\":\"http:\/\/dluzet0001.mutu.firstheberg.net\/sitehgwp\/#logo\",\"inLanguage\":\"fr-FR\",\"url\":\"http:\/\/dluzet0001.mutu.firstheberg.net\/sitehgwp\/wp-content\/uploads\/2021\/01\/cropped-logo.jpg\",\"width\":49,\"height\":50,\"caption\":\"Didier Luzet\"},\"image\":{\"@id\":\"http:\/\/dluzet0001.mutu.firstheberg.net\/sitehgwp\/#logo\"}},{\"@type\":\"WebSite\",\"@id\":\"http:\/\/dluzet0001.mutu.firstheberg.net\/sitehgwp\/#website\",\"url\":\"http:\/\/dluzet0001.mutu.firstheberg.net\/sitehgwp\/\",\"name\":\"Site histoire g\\u00e9ographie Lyc\\u00e9e Didier Luzet\",\"description\":\"Vous trouverez ici quelques ressources p\\u00e9dagogiques en Histoire, G\\u00e9ographie , E.M.C correspondants aux programmes de lyc\\u00e9e \\u00e0 partir de 2019-2020. Ce site est aliment\\u00e9 plus ou moins r\\u00e9guli\\u00e8rement en fonction du temps disponible\\u2026\",\"publisher\":{\"@id\":\"http:\/\/dluzet0001.mutu.firstheberg.net\/sitehgwp\/#organization\"},\"potentialAction\":[{\"@type\":\"SearchAction\",\"target\":\"http:\/\/dluzet0001.mutu.firstheberg.net\/sitehgwp\/?s={search_term_string}\",\"query-input\":\"required name=search_term_string\"}],\"inLanguage\":\"fr-FR\"},{\"@type\":\"ImageObject\",\"@id\":\"http:\/\/dluzet0001.mutu.firstheberg.net\/sitehgwp\/histoire-seconde\/#primaryimage\",\"inLanguage\":\"fr-FR\",\"url\":\"http:\/\/dluzet0001.mutu.firstheberg.net\/sitehgwp\/wp-content\/uploads\/2020\/12\/magelelanelcano.jpg\",\"width\":611,\"height\":501},{\"@type\":\"WebPage\",\"@id\":\"http:\/\/dluzet0001.mutu.firstheberg.net\/sitehgwp\/histoire-seconde\/#webpage\",\"url\":\"http:\/\/dluzet0001.mutu.firstheberg.net\/sitehgwp\/histoire-seconde\/\",\"name\":\"Capsule vid\\u00e9o Histoire Seconde - Site histoire g\\u00e9ographie Lyc\\u00e9e Didier Luzet\",\"isPartOf\":{\"@id\":\"http:\/\/dluzet0001.mutu.firstheberg.net\/sitehgwp\/#website\"},\"primaryImageOfPage\":{\"@id\":\"http:\/\/dluzet0001.mutu.firstheberg.net\/sitehgwp\/histoire-seconde\/#primaryimage\"},\"datePublished\":\"2020-12-30T15:27:12+00:00\",\"dateModified\":\"2021-02-19T15:01:16+00:00\",\"inLanguage\":\"fr-FR\",\"potentialAction\":[{\"@type\":\"ReadAction\",\"target\":[\"http:\/\/dluzet0001.mutu.firstheberg.net\/sitehgwp\/histoire-seconde\/\"]}]},{\"@type\":\"Article\",\"@id\":\"http:\/\/dluzet0001.mutu.firstheberg.net\/sitehgwp\/histoire-seconde\/#article\",\"isPartOf\":{\"@id\":\"http:\/\/dluzet0001.mutu.firstheberg.net\/sitehgwp\/histoire-seconde\/#webpage\"},\"author\":{\"@id\":\"http:\/\/dluzet0001.mutu.firstheberg.net\/sitehgwp\/#\/schema\/person\/34a18307477c923ea5da57c64aeb1665\"},\"headline\":\"Capsule vid\\u00e9o Histoire Seconde\",\"datePublished\":\"2020-12-30T15:27:12+00:00\",\"dateModified\":\"2021-02-19T15:01:16+00:00\",\"mainEntityOfPage\":{\"@id\":\"http:\/\/dluzet0001.mutu.firstheberg.net\/sitehgwp\/histoire-seconde\/#webpage\"},\"publisher\":{\"@id\":\"http:\/\/dluzet0001.mutu.firstheberg.net\/sitehgwp\/#organization\"},\"image\":{\"@id\":\"http:\/\/dluzet0001.mutu.firstheberg.net\/sitehgwp\/histoire-seconde\/#primaryimage\"},\"articleSection\":\"Histoire (Ressources Seconde),Ressources,Seconde (Ressources)\",\"inLanguage\":\"fr-FR\"},{\"@type\":\"Person\",\"@id\":\"http:\/\/dluzet0001.mutu.firstheberg.net\/sitehgwp\/#\/schema\/person\/34a18307477c923ea5da57c64aeb1665\",\"name\":\"Didier Luzet\",\"image\":{\"@type\":\"ImageObject\",\"@id\":\"http:\/\/dluzet0001.mutu.firstheberg.net\/sitehgwp\/#personlogo\",\"inLanguage\":\"fr-FR\",\"url\":\"http:\/\/1.gravatar.com\/avatar\/7f519bb63fcd650c52a6a33088eb7f0a?s=96&d=mm&r=g\",\"caption\":\"Didier Luzet\"}}]}<\/script>\n<!-- \/ Yoast SEO plugin. -->","_links":{"self":[{"href":"http:\/\/dluzet0001.mutu.firstheberg.net\/sitehgwp\/wp-json\/wp\/v2\/posts\/70"}],"collection":[{"href":"http:\/\/dluzet0001.mutu.firstheberg.net\/sitehgwp\/wp-json\/wp\/v2\/posts"}],"about":[{"href":"http:\/\/dluzet0001.mutu.firstheberg.net\/sitehgwp\/wp-json\/wp\/v2\/types\/post"}],"author":[{"embeddable":true,"href":"http:\/\/dluzet0001.mutu.firstheberg.net\/sitehgwp\/wp-json\/wp\/v2\/users\/2"}],"replies":[{"embeddable":true,"href":"http:\/\/dluzet0001.mutu.firstheberg.net\/sitehgwp\/wp-json\/wp\/v2\/comments?post=70"}],"version-history":[{"count":8,"href":"http:\/\/dluzet0001.mutu.firstheberg.net\/sitehgwp\/wp-json\/wp\/v2\/posts\/70\/revisions"}],"predecessor-version":[{"id":448,"href":"http:\/\/dluzet0001.mutu.firstheberg.net\/sitehgwp\/wp-json\/wp\/v2\/posts\/70\/revisions\/448"}],"wp:attachment":[{"href":"http:\/\/dluzet0001.mutu.firstheberg.net\/sitehgwp\/wp-json\/wp\/v2\/media?parent=70"}],"wp:term":[{"taxonomy":"category","embeddable":true,"href":"http:\/\/dluzet0001.mutu.firstheberg.net\/sitehgwp\/wp-json\/wp\/v2\/categories?post=70"},{"taxonomy":"post_tag","embeddable":true,"href":"http:\/\/dluzet0001.mutu.firstheberg.net\/sitehgwp\/wp-json\/wp\/v2\/tags?post=70"}],"curies":[{"name":"wp","href":"https:\/\/api.w.org\/{rel}","templated":true}]}}